{"id":1312,"date":"2022-04-28T19:30:17","date_gmt":"2022-04-28T19:30:17","guid":{"rendered":"https:\/\/netagen.com\/?p=1312"},"modified":"2022-04-28T19:30:17","modified_gmt":"2022-04-28T19:30:17","slug":"communique-de-presse-dannonce-du-president","status":"publish","type":"post","link":"https:\/\/netagen.com\/fr\/communique-de-presse-dannonce-du-president\/","title":{"rendered":"Communiqu\u00e9 de presse d\u2019annonce du pr\u00e9sident"},"content":{"rendered":"<p>POUR PUBLICATION IMM\u00c9DIATE\u00a0\u00a0\u00a0\u00a0\u00a0\u00a0\u00a0\u00a0\u00a0\u00a0\u00a0\u00a0\u00a0\u00a0\u00a0\u00a0\u00a0\u00a0\u00a0\u00a0\u00a0\u00a0\u00a0\u00a0\u00a0\u00a0\u00a0\u00a0\u00a0\u00a0\u00a0\u00a0\u00a0\u00a0\u00a0\u00a0\u00a0\u00a0\u00a0\u00a0\u00a0\u00a0\u00a0\u00a0\u00a0\u00a0\u00a0\u00a0\u00a0\u00a0\u00a0\u00a0\u00a0\u00a0\u00a0\u00a0\u00a0\u00a0\u00a0\u00a0\u00a0\u00a0\u00a0\u00a0\u00a0\u00a0\u00a0\u00a0\u00a0\u00a0\u00a0\u00a0\u00a0\u00a0\u00a0\u00a0\u00a0\u00a0\u00a0\u00a0\u00a0\u00a0\u00a0\u00a0\u00a0\u00a0\u00a0\u00a0\u00a0\u00a0\u00a0\u00a0\u00a0\u00a0\u00a0\u00a0\u00a0\u00a0\u00a0\u00a0\u00a0 27 avril 2022<\/p>\n<p>&nbsp;<\/p>\n<p>Netagen Communication Technologies Inc. nomme David Patterson au poste de pr\u00e9sident<\/p>\n<p>&nbsp;<\/p>\n<p>Netagen Communication Technologies Inc. a annonc\u00e9 aujourd&rsquo;hui la nomination de David Patterson au poste de pr\u00e9sident de la soci\u00e9t\u00e9. David a pr\u00e9c\u00e9demment occup\u00e9 les postes de directeur des revenus et de vice-pr\u00e9sident des ventes chez Netagen et a jou\u00e9 un r\u00f4le de premier plan dans le d\u00e9veloppement de l&rsquo;\u00e9quipe et des capacit\u00e9s au cours de la derni\u00e8re d\u00e9cennie. Comme David est bien connu des clients et des fournisseurs, la p\u00e9riode et le processus de transition devraient \u00eatre courts et harmonieux. David est passionn\u00e9 par la communication claire, le respect des promesses et l&rsquo;\u00e9tablissement de relations \u00e0 long terme.<\/p>\n<p>&nbsp;<\/p>\n<p>\u00ab La r\u00e9ussite de David \u00e0 ce jour, associ\u00e9e \u00e0 sa connaissance approfondie de la strat\u00e9gie, des produits et des services de Netagen, font de lui le dirigeant id\u00e9al pour la prochaine \u00e9tape de croissance de Netagen\u00a0\u00bb, a d\u00e9clar\u00e9 Karim Kanji, pr\u00e9sident du conseil d&rsquo;administration de Netagen. \u00ab Sa passion pour r\u00e9pondre aux attentes des clients, ainsi que sa vaste exp\u00e9rience du secteur, aideront Netagen \u00e0 renforcer ses relations avec ses partenaires et \u00e0 retenir et attirer les meilleurs employ\u00e9s du secteur\u00a0\u00bb. \u00ab Je suis enthousiaste \u00e0 l&rsquo;id\u00e9e de diriger l&rsquo;organisation dans sa prochaine phase de croissance, tout en maintenant notre engagement fort envers le service client et en \u00e9tant une destination privil\u00e9gi\u00e9e pour l&#8217;emploi \u00bb, a d\u00e9clar\u00e9 David Patterson. \u00ab Je me r\u00e9jouis non seulement de travailler dur, mais \u00e9galement de m&rsquo;engager avec nos clients, nos employ\u00e9s et nos fournisseurs pour passer de bons moments ensemble \u2013 il s\u2019agit d\u2019une pierre angulaire de notre succ\u00e8s \u00bb.<\/p>\n<p>&nbsp;<\/p>\n<p>David Patterson est titulaire d&rsquo;un baccalaur\u00e9at sp\u00e9cialis\u00e9 en administration des affaires de l&rsquo;Universit\u00e9 Wilfrid Laurier et d&rsquo;un MBA de la Schulich School of Business. Au cours des 25 derni\u00e8res ann\u00e9es, David a occup\u00e9 plusieurs postes de direction et d&rsquo;encadrement chez des fournisseurs de technologies et de solutions.<\/p>\n<p>&nbsp;<\/p>\n<p>Qu&rsquo;est-ce qui distingue Netagen?<\/p>\n<p>&nbsp;<\/p>\n<p>Netagen vise \u00e0 guider ses clients dans un paysage technologique en rapide \u00e9volution, en maintenant son engagement envers l&rsquo;innovation. Nous croyons fermement qu&rsquo;il faut rester \u00e0 l&rsquo;avant-garde des solutions technologiques, en nous assurant que nous fournissons constamment \u00e0 nos clients des solutions de communication flexibles, contemporaines et personnalis\u00e9es pour leur entreprise. Notre d\u00e9vouement et notre \u00e9quipe de professionnels exp\u00e9riment\u00e9s sont ce qui nous distingue de la concurrence.<\/p>\n<p>&nbsp;<\/p>\n<p>Vision<\/p>\n<p>Fournir les outils technologiques de nouvelle g\u00e9n\u00e9ration dont nos clients ont besoin pour \u00e9voluer et prosp\u00e9rer.<\/p>\n<p>Contact presse :<\/p>\n<p>Ezio Giancristofaro \u2013 Responsable du marketing des partenaires fournisseurs <a href=\"mailto:egiancristofaro@netagen.com\">egiancristofaro@netagen.com<\/a><\/p>\n<p>514-294-0327<\/p>\n<p><a href=\"http:\/\/www.netagen.com\/\">www.netagen.com<\/a><\/p>\n","protected":false},"excerpt":{"rendered":"POUR PUBLICATION IMM\u00c9DIATE\u00a0\u00a0\u00a0\u00a0\u00a0\u00a0\u00a0\u00a0\u00a0\u00a0\u00a0\u00a0\u00a0\u00a0\u00a0\u00a0\u00a0\u00a0\u00a0\u00a0\u00a0\u00a0\u00a0\u00a0\u00a0\u00a0\u00a0\u00a0\u00a0\u00a0\u00a0\u00a0\u00a0\u00a0\u00a0\u00a0\u00a0\u00a0\u00a0\u00a0\u00a0\u00a0\u00a0\u00a0\u00a0\u00a0\u00a0\u00a0\u00a0\u00a0\u00a0\u00a0\u00a0\u00a0\u00a0\u00a0\u00a0\u00a0\u00a0\u00a0\u00a0\u00a0\u00a0\u00a0\u00a0\u00a0\u00a0\u00a0\u00a0\u00a0\u00a0\u00a0\u00a0\u00a0\u00a0\u00a0\u00a0\u00a0\u00a0\u00a0\u00a0\u00a0\u00a0\u00a0\u00a0\u00a0\u00a0\u00a0\u00a0\u00a0\u00a0\u00a0\u00a0\u00a0\u00a0\u00a0\u00a0\u00a0\u00a0\u00a0\u00a0 27 avril 2022 &nbsp; Netagen Communication Technologies Inc. nomme David Patterson au poste de pr\u00e9sident &nbsp; Netagen Communication Technologies Inc. a annonc\u00e9 aujourd&rsquo;hui la nomination de David Patterson au poste de pr\u00e9sident de la soci\u00e9t\u00e9. David a pr\u00e9c\u00e9demment occup\u00e9 les postes de directeur des revenus et de vice-pr\u00e9sident des ventes chez Netagen&#8230; <a class=\"view-article\" href=\"https:\/\/netagen.com\/fr\/communique-de-presse-dannonce-du-president\/\">View Article<\/a>","protected":false},"author":12,"featured_media":0,"comment_status":"closed","ping_status":"open","sticky":false,"template":"","format":"standard","meta":{"_acf_changed":false,"content-type":"","inline_featured_image":false,"_monsterinsights_skip_tracking":false,"_monsterinsights_sitenote_active":false,"_monsterinsights_sitenote_note":"","_monsterinsights_sitenote_category":0,"footnotes":""},"categories":[13],"tags":[],"class_list":["post-1312","post","type-post","status-publish","format-standard","hentry","category-press-release-fr"],"acf":[],"yoast_head":"<!-- This site is optimized with the Yoast SEO plugin v22.7 - https:\/\/yoast.com\/wordpress\/plugins\/seo\/ -->\n<title>Communiqu\u00e9 de presse d\u2019annonce du pr\u00e9sident - Netagen<\/title>\n<meta name=\"robots\" content=\"index, follow, max-snippet:-1, max-image-preview:large, max-video-preview:-1\" \/>\n<link rel=\"canonical\" href=\"https:\/\/netagen.com\/fr\/communique-de-presse-dannonce-du-president\/\" \/>\n<meta property=\"og:locale\" content=\"fr_FR\" \/>\n<meta property=\"og:type\" content=\"article\" \/>\n<meta property=\"og:title\" content=\"Communiqu\u00e9 de presse d\u2019annonce du pr\u00e9sident - Netagen\" \/>\n<meta property=\"og:description\" content=\"POUR PUBLICATION IMM\u00c9DIATE\u00a0\u00a0\u00a0\u00a0\u00a0\u00a0\u00a0\u00a0\u00a0\u00a0\u00a0\u00a0\u00a0\u00a0\u00a0\u00a0\u00a0\u00a0\u00a0\u00a0\u00a0\u00a0\u00a0\u00a0\u00a0\u00a0\u00a0\u00a0\u00a0\u00a0\u00a0\u00a0\u00a0\u00a0\u00a0\u00a0\u00a0\u00a0\u00a0\u00a0\u00a0\u00a0\u00a0\u00a0\u00a0\u00a0\u00a0\u00a0\u00a0\u00a0\u00a0\u00a0\u00a0\u00a0\u00a0\u00a0\u00a0\u00a0\u00a0\u00a0\u00a0\u00a0\u00a0\u00a0\u00a0\u00a0\u00a0\u00a0\u00a0\u00a0\u00a0\u00a0\u00a0\u00a0\u00a0\u00a0\u00a0\u00a0\u00a0\u00a0\u00a0\u00a0\u00a0\u00a0\u00a0\u00a0\u00a0\u00a0\u00a0\u00a0\u00a0\u00a0\u00a0\u00a0\u00a0\u00a0\u00a0\u00a0\u00a0\u00a0\u00a0 27 avril 2022 &nbsp; Netagen Communication Technologies Inc. nomme David Patterson au poste de pr\u00e9sident &nbsp; Netagen Communication Technologies Inc. a annonc\u00e9 aujourd&rsquo;hui la nomination de David Patterson au poste de pr\u00e9sident de la soci\u00e9t\u00e9. David a pr\u00e9c\u00e9demment occup\u00e9 les postes de directeur des revenus et de vice-pr\u00e9sident des ventes chez Netagen... View Article\" \/>\n<meta property=\"og:url\" content=\"https:\/\/netagen.com\/fr\/communique-de-presse-dannonce-du-president\/\" \/>\n<meta property=\"og:site_name\" content=\"Netagen\" \/>\n<meta property=\"article:publisher\" content=\"https:\/\/www.facebook.com\/NetagenCanada\" \/>\n<meta property=\"article:published_time\" content=\"2022-04-28T19:30:17+00:00\" \/>\n<meta name=\"author\" content=\"jackie\" \/>\n<meta name=\"twitter:card\" content=\"summary_large_image\" \/>\n<meta name=\"twitter:creator\" content=\"@NetagenCanada\" \/>\n<meta name=\"twitter:site\" content=\"@NetagenCanada\" \/>\n<meta name=\"twitter:label1\" content=\"\u00c9crit par\" \/>\n\t<meta name=\"twitter:data1\" content=\"jackie\" \/>\n\t<meta name=\"twitter:label2\" content=\"Dur\u00e9e de lecture estim\u00e9e\" \/>\n\t<meta name=\"twitter:data2\" content=\"2 minutes\" \/>\n<script type=\"application\/ld+json\" class=\"yoast-schema-graph\">{\"@context\":\"https:\/\/schema.org\",\"@graph\":[{\"@type\":\"Article\",\"@id\":\"https:\/\/netagen.com\/fr\/communique-de-presse-dannonce-du-president\/#article\",\"isPartOf\":{\"@id\":\"https:\/\/netagen.com\/fr\/communique-de-presse-dannonce-du-president\/\"},\"author\":{\"name\":\"jackie\",\"@id\":\"https:\/\/netagen.com\/fr\/#\/schema\/person\/d33aec46616076693659cb8ab7997af5\"},\"headline\":\"Communiqu\u00e9 de presse d\u2019annonce du pr\u00e9sident\",\"datePublished\":\"2022-04-28T19:30:17+00:00\",\"dateModified\":\"2022-04-28T19:30:17+00:00\",\"mainEntityOfPage\":{\"@id\":\"https:\/\/netagen.com\/fr\/communique-de-presse-dannonce-du-president\/\"},\"wordCount\":479,\"publisher\":{\"@id\":\"https:\/\/netagen.com\/fr\/#organization\"},\"articleSection\":[\"Press Release\"],\"inLanguage\":\"fr-FR\"},{\"@type\":\"WebPage\",\"@id\":\"https:\/\/netagen.com\/fr\/communique-de-presse-dannonce-du-president\/\",\"url\":\"https:\/\/netagen.com\/fr\/communique-de-presse-dannonce-du-president\/\",\"name\":\"Communiqu\u00e9 de presse d\u2019annonce du pr\u00e9sident - Netagen\",\"isPartOf\":{\"@id\":\"https:\/\/netagen.com\/fr\/#website\"},\"datePublished\":\"2022-04-28T19:30:17+00:00\",\"dateModified\":\"2022-04-28T19:30:17+00:00\",\"breadcrumb\":{\"@id\":\"https:\/\/netagen.com\/fr\/communique-de-presse-dannonce-du-president\/#breadcrumb\"},\"inLanguage\":\"fr-FR\",\"potentialAction\":[{\"@type\":\"ReadAction\",\"target\":[\"https:\/\/netagen.com\/fr\/communique-de-presse-dannonce-du-president\/\"]}]},{\"@type\":\"BreadcrumbList\",\"@id\":\"https:\/\/netagen.com\/fr\/communique-de-presse-dannonce-du-president\/#breadcrumb\",\"itemListElement\":[{\"@type\":\"ListItem\",\"position\":1,\"name\":\"Home\",\"item\":\"https:\/\/netagen.com\/fr\/\"},{\"@type\":\"ListItem\",\"position\":2,\"name\":\"Communiqu\u00e9 de presse d\u2019annonce du pr\u00e9sident\"}]},{\"@type\":\"WebSite\",\"@id\":\"https:\/\/netagen.com\/fr\/#website\",\"url\":\"https:\/\/netagen.com\/fr\/\",\"name\":\"Netagen\",\"description\":\"Connecting what&#039;s next\",\"publisher\":{\"@id\":\"https:\/\/netagen.com\/fr\/#organization\"},\"potentialAction\":[{\"@type\":\"SearchAction\",\"target\":{\"@type\":\"EntryPoint\",\"urlTemplate\":\"https:\/\/netagen.com\/fr\/?s={search_term_string}\"},\"query-input\":\"required name=search_term_string\"}],\"inLanguage\":\"fr-FR\"},{\"@type\":\"Organization\",\"@id\":\"https:\/\/netagen.com\/fr\/#organization\",\"name\":\"Netagen\",\"url\":\"https:\/\/netagen.com\/fr\/\",\"logo\":{\"@type\":\"ImageObject\",\"inLanguage\":\"fr-FR\",\"@id\":\"https:\/\/netagen.com\/fr\/#\/schema\/logo\/image\/\",\"url\":\"https:\/\/netagen.com\/wp-content\/uploads\/2021\/09\/Netagen-Logo.png\",\"contentUrl\":\"https:\/\/netagen.com\/wp-content\/uploads\/2021\/09\/Netagen-Logo.png\",\"width\":360,\"height\":360,\"caption\":\"Netagen\"},\"image\":{\"@id\":\"https:\/\/netagen.com\/fr\/#\/schema\/logo\/image\/\"},\"sameAs\":[\"https:\/\/www.facebook.com\/NetagenCanada\",\"https:\/\/x.com\/NetagenCanada\",\"https:\/\/www.linkedin.com\/company\/netagen\/\"]},{\"@type\":\"Person\",\"@id\":\"https:\/\/netagen.com\/fr\/#\/schema\/person\/d33aec46616076693659cb8ab7997af5\",\"name\":\"jackie\",\"image\":{\"@type\":\"ImageObject\",\"inLanguage\":\"fr-FR\",\"@id\":\"https:\/\/netagen.com\/fr\/#\/schema\/person\/image\/\",\"url\":\"https:\/\/secure.gravatar.com\/avatar\/6c1494aa7c84bd9be5f8adb7ec201e2e86212985c03d7f247d2cc04f23ab86b6?s=96&d=mm&r=g\",\"contentUrl\":\"https:\/\/secure.gravatar.com\/avatar\/6c1494aa7c84bd9be5f8adb7ec201e2e86212985c03d7f247d2cc04f23ab86b6?s=96&d=mm&r=g\",\"caption\":\"jackie\"}}]}<\/script>\n<!-- \/ Yoast SEO plugin. -->","yoast_head_json":{"title":"Communiqu\u00e9 de presse d\u2019annonce du pr\u00e9sident - Netagen","robots":{"index":"index","follow":"follow","max-snippet":"max-snippet:-1","max-image-preview":"max-image-preview:large","max-video-preview":"max-video-preview:-1"},"canonical":"https:\/\/netagen.com\/fr\/communique-de-presse-dannonce-du-president\/","og_locale":"fr_FR","og_type":"article","og_title":"Communiqu\u00e9 de presse d\u2019annonce du pr\u00e9sident - Netagen","og_description":"POUR PUBLICATION IMM\u00c9DIATE\u00a0\u00a0\u00a0\u00a0\u00a0\u00a0\u00a0\u00a0\u00a0\u00a0\u00a0\u00a0\u00a0\u00a0\u00a0\u00a0\u00a0\u00a0\u00a0\u00a0\u00a0\u00a0\u00a0\u00a0\u00a0\u00a0\u00a0\u00a0\u00a0\u00a0\u00a0\u00a0\u00a0\u00a0\u00a0\u00a0\u00a0\u00a0\u00a0\u00a0\u00a0\u00a0\u00a0\u00a0\u00a0\u00a0\u00a0\u00a0\u00a0\u00a0\u00a0\u00a0\u00a0\u00a0\u00a0\u00a0\u00a0\u00a0\u00a0\u00a0\u00a0\u00a0\u00a0\u00a0\u00a0\u00a0\u00a0\u00a0\u00a0\u00a0\u00a0\u00a0\u00a0\u00a0\u00a0\u00a0\u00a0\u00a0\u00a0\u00a0\u00a0\u00a0\u00a0\u00a0\u00a0\u00a0\u00a0\u00a0\u00a0\u00a0\u00a0\u00a0\u00a0\u00a0\u00a0\u00a0\u00a0\u00a0\u00a0\u00a0\u00a0 27 avril 2022 &nbsp; Netagen Communication Technologies Inc. nomme David Patterson au poste de pr\u00e9sident &nbsp; Netagen Communication Technologies Inc. a annonc\u00e9 aujourd&rsquo;hui la nomination de David Patterson au poste de pr\u00e9sident de la soci\u00e9t\u00e9. David a pr\u00e9c\u00e9demment occup\u00e9 les postes de directeur des revenus et de vice-pr\u00e9sident des ventes chez Netagen... View Article","og_url":"https:\/\/netagen.com\/fr\/communique-de-presse-dannonce-du-president\/","og_site_name":"Netagen","article_publisher":"https:\/\/www.facebook.com\/NetagenCanada","article_published_time":"2022-04-28T19:30:17+00:00","author":"jackie","twitter_card":"summary_large_image","twitter_creator":"@NetagenCanada","twitter_site":"@NetagenCanada","twitter_misc":{"\u00c9crit par":"jackie","Dur\u00e9e de lecture estim\u00e9e":"2 minutes"},"schema":{"@context":"https:\/\/schema.org","@graph":[{"@type":"Article","@id":"https:\/\/netagen.com\/fr\/communique-de-presse-dannonce-du-president\/#article","isPartOf":{"@id":"https:\/\/netagen.com\/fr\/communique-de-presse-dannonce-du-president\/"},"author":{"name":"jackie","@id":"https:\/\/netagen.com\/fr\/#\/schema\/person\/d33aec46616076693659cb8ab7997af5"},"headline":"Communiqu\u00e9 de presse d\u2019annonce du pr\u00e9sident","datePublished":"2022-04-28T19:30:17+00:00","dateModified":"2022-04-28T19:30:17+00:00","mainEntityOfPage":{"@id":"https:\/\/netagen.com\/fr\/communique-de-presse-dannonce-du-president\/"},"wordCount":479,"publisher":{"@id":"https:\/\/netagen.com\/fr\/#organization"},"articleSection":["Press Release"],"inLanguage":"fr-FR"},{"@type":"WebPage","@id":"https:\/\/netagen.com\/fr\/communique-de-presse-dannonce-du-president\/","url":"https:\/\/netagen.com\/fr\/communique-de-presse-dannonce-du-president\/","name":"Communiqu\u00e9 de presse d\u2019annonce du pr\u00e9sident - Netagen","isPartOf":{"@id":"https:\/\/netagen.com\/fr\/#website"},"datePublished":"2022-04-28T19:30:17+00:00","dateModified":"2022-04-28T19:30:17+00:00","breadcrumb":{"@id":"https:\/\/netagen.com\/fr\/communique-de-presse-dannonce-du-president\/#breadcrumb"},"inLanguage":"fr-FR","potentialAction":[{"@type":"ReadAction","target":["https:\/\/netagen.com\/fr\/communique-de-presse-dannonce-du-president\/"]}]},{"@type":"BreadcrumbList","@id":"https:\/\/netagen.com\/fr\/communique-de-presse-dannonce-du-president\/#breadcrumb","itemListElement":[{"@type":"ListItem","position":1,"name":"Home","item":"https:\/\/netagen.com\/fr\/"},{"@type":"ListItem","position":2,"name":"Communiqu\u00e9 de presse d\u2019annonce du pr\u00e9sident"}]},{"@type":"WebSite","@id":"https:\/\/netagen.com\/fr\/#website","url":"https:\/\/netagen.com\/fr\/","name":"Netagen","description":"Connecting what&#039;s next","publisher":{"@id":"https:\/\/netagen.com\/fr\/#organization"},"potentialAction":[{"@type":"SearchAction","target":{"@type":"EntryPoint","urlTemplate":"https:\/\/netagen.com\/fr\/?s={search_term_string}"},"query-input":"required name=search_term_string"}],"inLanguage":"fr-FR"},{"@type":"Organization","@id":"https:\/\/netagen.com\/fr\/#organization","name":"Netagen","url":"https:\/\/netagen.com\/fr\/","logo":{"@type":"ImageObject","inLanguage":"fr-FR","@id":"https:\/\/netagen.com\/fr\/#\/schema\/logo\/image\/","url":"https:\/\/netagen.com\/wp-content\/uploads\/2021\/09\/Netagen-Logo.png","contentUrl":"https:\/\/netagen.com\/wp-content\/uploads\/2021\/09\/Netagen-Logo.png","width":360,"height":360,"caption":"Netagen"},"image":{"@id":"https:\/\/netagen.com\/fr\/#\/schema\/logo\/image\/"},"sameAs":["https:\/\/www.facebook.com\/NetagenCanada","https:\/\/x.com\/NetagenCanada","https:\/\/www.linkedin.com\/company\/netagen\/"]},{"@type":"Person","@id":"https:\/\/netagen.com\/fr\/#\/schema\/person\/d33aec46616076693659cb8ab7997af5","name":"jackie","image":{"@type":"ImageObject","inLanguage":"fr-FR","@id":"https:\/\/netagen.com\/fr\/#\/schema\/person\/image\/","url":"https:\/\/secure.gravatar.com\/avatar\/6c1494aa7c84bd9be5f8adb7ec201e2e86212985c03d7f247d2cc04f23ab86b6?s=96&d=mm&r=g","contentUrl":"https:\/\/secure.gravatar.com\/avatar\/6c1494aa7c84bd9be5f8adb7ec201e2e86212985c03d7f247d2cc04f23ab86b6?s=96&d=mm&r=g","caption":"jackie"}}]}},"_links":{"self":[{"href":"https:\/\/netagen.com\/fr\/wp-json\/wp\/v2\/posts\/1312","targetHints":{"allow":["GET"]}}],"collection":[{"href":"https:\/\/netagen.com\/fr\/wp-json\/wp\/v2\/posts"}],"about":[{"href":"https:\/\/netagen.com\/fr\/wp-json\/wp\/v2\/types\/post"}],"author":[{"embeddable":true,"href":"https:\/\/netagen.com\/fr\/wp-json\/wp\/v2\/users\/12"}],"replies":[{"embeddable":true,"href":"https:\/\/netagen.com\/fr\/wp-json\/wp\/v2\/comments?post=1312"}],"version-history":[{"count":0,"href":"https:\/\/netagen.com\/fr\/wp-json\/wp\/v2\/posts\/1312\/revisions"}],"wp:attachment":[{"href":"https:\/\/netagen.com\/fr\/wp-json\/wp\/v2\/media?parent=1312"}],"wp:term":[{"taxonomy":"category","embeddable":true,"href":"https:\/\/netagen.com\/fr\/wp-json\/wp\/v2\/categories?post=1312"},{"taxonomy":"post_tag","embeddable":true,"href":"https:\/\/netagen.com\/fr\/wp-json\/wp\/v2\/tags?post=1312"}],"curies":[{"name":"wp","href":"https:\/\/api.w.org\/{rel}","templated":true}]}}